{"id":6688,"date":"2023-08-31T16:08:59","date_gmt":"2023-08-31T16:08:59","guid":{"rendered":"https:\/\/www.rainforestfoundationuk.org\/?p=6688"},"modified":"2023-09-12T08:47:32","modified_gmt":"2023-09-12T08:47:32","slug":"alimentando-la-resiliencia-cultural-las-comunidades-ashaninka-y-la-federacion-de-cuidados-en-la-region-de-perus-ene","status":"publish","type":"post","link":"https:\/\/www.rainforestfoundationuk.org\/es\/nurturing-cultural-resilience-the-ashaninka-communities-and-care-federation-in-perus-ene-region\/","title":{"rendered":"Blog: Cultivando la resiliencia cultural: las comunidades ash\u00e1ninkas y la Federaci\u00f3n CARE en la regi\u00f3n Ene del Per\u00fa"},"content":{"rendered":"\n\n\t<p>The <a href=\"https:\/\/instagram.com\/careashaninka?igshid=NzZhOTFlYzFmZQ==\">CARE Federation<\/a>\u00a0is a testament to the strength, resilience and unity of the Ash\u00e1ninka Indigenous People of Peru&#8217;s Ene region. In this blog, RFUK explores the Ash\u00e1ninka way of life and how CARE&#8217;s support brings about positive change for the 19 communities it represents.<\/p>\n<strong>Rising from Troubled Times<br \/>\n<\/strong>Founded in 1993, CARE was born at a time of hardship and despair. Plagued by terrorist violence, the Ene region suffered countless casualties, disappearances and displacements of its people. Confronted by these challenges, the Ash\u00e1ninka recognised the urgency of coming together to protect themselves, secure their territories, restore peace and ensure their voices were heard.\n<strong>Adapting to New Realities<br \/>\n<\/strong>In the years that followed, particularly from 2005 onwards, CARE took on the responsibility of guiding and accompanying its communities through different challenges, ranging from age-old issues, such as land encroachments and violence, to <a href=\"https:\/\/www.rainforestfoundationuk.org\/more-awards-for-rfuks-peruvian-partner-ruth-buendia\/\">hydroelectric dams<\/a> that would have destroyed their ancestral forests. As such changes swept in at an increasingly rapid pace, the Ash\u00e1ninka people adapted, combining both traditional and contemporary approaches to meet their changing needs.\n<strong>A Vision for Sustainable Development<br \/>\n<\/strong>CARE adopted a comprehensive planning agenda known as <em>Kametsa Asaike <\/em>(&#8216;the wellbeing of the Ash\u00e1ninka people of the Ene River&#8217;). Developed through a highly participatory process that included dozens of consultations and surveys with the community, this agenda steers the organisation&#8217;s course and guides its leadership, ensuring their actions align with the best interests of grassroots communities.\n<strong>Principles Guiding Well-being<br \/>\n<\/strong>The culmination of this process resulted in eight fundamental principles that now govern the Ash\u00e1ninka communities&#8217; well-being and guide their interactions with the government, NGOs and other external actors:\n<ol>\n<li>Living as Ashaninkasanori, adhering to the unwritten yet lived codes of conduct that turned their grandparents&#8217; lives into a peaceful existence.<\/li>\n<li>Feeding themselves with what they know, as many generations have done before them, drawing from food sources found in the forests, rivers and streams.<\/li>\n<li>Ensuring safety and tranquillity on their ancestral land.<\/li>\n<li>Living in peace, living free from terrorism.<\/li>\n<li>Enhancing their lives by becoming self-sufficient.<\/li>\n<li>Keeping in good health thanks to their ancestral knowledge and receiving care from clinics and brigades.<\/li>\n<li>Getting an education to empower themselves as Ash\u00e1ninka people.<\/li>\n<li>Thriving with an organization that listens and safeguards their rights.<\/li>\n<\/ol>\n<strong>A United Path Forward<br \/>\n<\/strong>Today, CARE and the Ash\u00e1ninka are putting these principles into practice.\u00a0RFUK supports them to implement a land-use strategy for the territory including through the development and implementation of participatory <a href=\"https:\/\/www.rainforestfoundationuk.org\/land-use-planning-with-the-ashaninkas-in-the-peruvian-amazon\/\">land use plans<\/a> which establish zoning for various activities, and assign responsibility and rules for each. The plans &#8211; which are so far unified across five communities, covering about 130,000 hectares &#8211; mark a historic moment where community members, leaders and CARE representatives jointly endorse and formalise a collective land use governance.\n<p>Other activities include <a href=\"https:\/\/www.rainforestfoundationuk.org\/putting-land-use-planning-into-action\/\">training community forest custodians on using a real-time tracking system known as CIPTA<\/a> (Centre for Information and Territorial Planning), an instrument created by the national Indigenous organisation AIDESEP to safeguard the territorial rights of Indigenous groups across the Peruvian Amazon. CIPTA empowers communities to oversee and uphold their land use blueprints, as well as the regulations governing the use of their forest resources. The early warning and action system also enables them to monitor and report on illegal deforestation and wildlife trade or health issues in the territory.<\/p>\n<p>As an additional measure to CIPTA, <a href=\"https:\/\/www.rainforestfoundationuk.org\/putting-land-use-planning-into-action\/\">communities have received training in the use of RFUK&#8217;s ForestLink tool<\/a> to monitor and enhance their productive activities, such as <a href=\"https:\/\/www.rainforestfoundationuk.org\/our-projects\/indigenous-livelihoods\/\">the cultivation of sustainable cocoa<\/a>. This resource also operates as a means for the local cooperative Kemito Ene to consistently gather real-time data, thereby enabling more efficient assistance to agricultural households.<\/p>\n<p>In the heart of Peru&#8217;s Ene region, the Ash\u00e1ninka communities and CARE Federation are proof of their enduring power of unity, adaptation and cultural resilience. Through their shared efforts, they carve out a brighter future, one that honours their heritage while navigating the challenges of the present.<\/p>\n\t\t\t\t<img loading=\"lazy\" decoding=\"async\" src=\"https:\/\/www.rainforestfoundationuk.org\/wp-content\/uploads\/2023\/08\/PHOTO-2022-10-10-18-16-41-1.jpg\" alt=\"PHOTO-2022-10-10-18-16-41\" itemprop=\"image\" height=\"1224\" width=\"1224\" title=\"PHOTO-2022-10-10-18-16-41\" onerror=\"this.style.display='none'\"  \/>\n\t<p>Share this:<\/p>\n\t\t\t\t<a href=\"mailto:?body=https:\/\/www.rainforestfoundationuk.org\/?p=6688&#038;fl_builder\">\n\t\t\t\t\t\t\t\t\t\t\t\tShare on Email\n\t\t\t\t\t\t\t\t\t\t\t\t\t\t\tEmail\n\t\t\t\t\t\t\t\t\t<\/a>\n\t\t\t\t<a href=\"https:\/\/twitter.com\/intent\/tweet?url=https:\/\/www.rainforestfoundationuk.org\/?p=6688&#038;fl_builder&#038;text=Blog%3A+Nurturing+Cultural+Resilience%3A+The+Ash%C3%A1ninka+Communities+and+CARE+Federation+in+Peru%26%238217%3Bs+Ene+Region\">\n\t\t\t\t\t\t\t\t\t\t\t\tShare on Twitter\n\t\t\t\t\t\t\t\t\t\t\t\t\t\t\tTwitter\n\t\t\t\t\t\t\t\t\t<\/a>\n\t\t\t\t<a href=\"https:\/\/www.facebook.com\/sharer.php?u=https:\/\/www.rainforestfoundationuk.org\/?p=6688&#038;fl_builder&#038;title=Blog%3A+Nurturing+Cultural+Resilience%3A+The+Ash%C3%A1ninka+Communities+and+CARE+Federation+in+Peru%26%238217%3Bs+Ene+Region\">\n\t\t\t\t\t\t\t\t\t\t\t\tShare on Facebook\n\t\t\t\t\t\t\t\t\t\t\t\t\t\t\tFacebook\n\t\t\t\t\t\t\t\t\t<\/a>\n\t\t\t<a href=\"\" target=\"_self\" rel=\"noopener\">\n\t\t\t\t\t\t\tClick Here\n\t\t\t\t\t<\/a>\n\t[custom-twitter-feeds feed=1]\n\n","protected":false},"excerpt":{"rendered":"<p>La Federaci\u00f3n CARE es un testimonio de la fuerza, la resistencia y la unidad del pueblo ind\u00edgena ash\u00e1ninka de la regi\u00f3n Ene de Per\u00fa. En este blog, RFUK explora el modo de vida Ash\u00e1ninka y c\u00f3mo el apoyo de CARE genera un cambio positivo para las 19 comunidades que representa. Rising from Troubled Times Fundada en 1993, CARE naci\u00f3 en ... <a title=\"Blog: Cultivando la resiliencia cultural: Las comunidades ash\u00e1ninkas y la Federaci\u00f3n CARE en la regi\u00f3n Ene de Per\u00fa\" class=\"read-more\" href=\"https:\/\/www.rainforestfoundationuk.org\/es\/nurturing-cultural-resilience-the-ashaninka-communities-and-care-federation-in-perus-ene-region\/\" aria-label=\"Leer m\u00e1s sobre Blog: Cultivando la resiliencia cultural: Las comunidades ash\u00e1ninkas y la Federaci\u00f3n CARE en la regi\u00f3n Ene de Per\u00fa\">Seguir leyendo<\/a><\/p>","protected":false},"author":10,"featured_media":6689,"comment_status":"closed","ping_status":"closed","sticky":false,"template":"","format":"standard","meta":{"_acf_changed":false,"footnotes":""},"categories":[83],"countires":[31],"work_theme":[37,42,77,67],"language":[59],"partner":[87,86],"class_list":["post-6688","post","type-post","status-publish","format-standard","has-post-thumbnail","hentry","category-guest-blog","countires-peru","work_theme-conservation-and-human-rights","work_theme-forestlink","work_theme-indigenous-land-and-livelihoods","work_theme-indigenous-peoples","language-english","partner-care","partner-kemito-ene","no-featured-image-padding"],"acf":[],"yoast_head":"<!-- This site is optimized with the Yoast SEO plugin v27.5 - https:\/\/yoast.com\/product\/yoast-seo-wordpress\/ -->\n<title>Blog: Nurturing Cultural Resilience: The Ash\u00e1ninka Communities and CARE Federation in Peru&#039;s Ene Region - Rainforest Foundation UK<\/title>\n<meta name=\"robots\" content=\"index, follow, max-snippet:-1, max-image-preview:large, max-video-preview:-1\" \/>\n<link rel=\"canonical\" href=\"https:\/\/www.rainforestfoundationuk.org\/es\/alimentando-la-resiliencia-cultural-las-comunidades-ashaninka-y-la-federacion-de-cuidados-en-la-region-de-perus-ene\/\" \/>\n<meta property=\"og:locale\" content=\"es_ES\" \/>\n<meta property=\"og:type\" content=\"article\" \/>\n<meta property=\"og:title\" content=\"Blog: Nurturing Cultural Resilience: The Ash\u00e1ninka Communities and CARE Federation in Peru&#039;s Ene Region - Rainforest Foundation UK\" \/>\n<meta property=\"og:description\" content=\"The CARE Federation\u00a0is a testament to the strength, resilience and unity of the Ash\u00e1ninka Indigenous People of Peru&#8217;s Ene region. In this blog, RFUK explores the Ash\u00e1ninka way of life and how CARE&#8217;s support brings about positive change for the 19 communities it represents. Rising from Troubled Times Founded in 1993, CARE was born at ... Read more\" \/>\n<meta property=\"og:url\" content=\"https:\/\/www.rainforestfoundationuk.org\/es\/alimentando-la-resiliencia-cultural-las-comunidades-ashaninka-y-la-federacion-de-cuidados-en-la-region-de-perus-ene\/\" \/>\n<meta property=\"og:site_name\" content=\"Rainforest Foundation UK\" \/>\n<meta property=\"article:publisher\" content=\"https:\/\/www.facebook.com\/rainforestfoundationuk\" \/>\n<meta property=\"article:published_time\" content=\"2023-08-31T16:08:59+00:00\" \/>\n<meta property=\"article:modified_time\" content=\"2023-09-12T08:47:32+00:00\" \/>\n<meta property=\"og:image\" content=\"https:\/\/www.rainforestfoundationuk.org\/wp-content\/uploads\/2023\/08\/PHOTO-2022-10-10-18-16-41.jpg\" \/>\n\t<meta property=\"og:image:width\" content=\"1224\" \/>\n\t<meta property=\"og:image:height\" content=\"1224\" \/>\n\t<meta property=\"og:image:type\" content=\"image\/jpeg\" \/>\n<meta name=\"author\" content=\"ChantalC@rainforestuk.org\" \/>\n<meta name=\"twitter:card\" content=\"summary_large_image\" \/>\n<meta name=\"twitter:creator\" content=\"@RFUK\" \/>\n<meta name=\"twitter:site\" content=\"@RFUK\" \/>\n<meta name=\"twitter:label1\" content=\"Written by\" \/>\n\t<meta name=\"twitter:data1\" content=\"ChantalC@rainforestuk.org\" \/>\n\t<meta name=\"twitter:label2\" content=\"Est. reading time\" \/>\n\t<meta name=\"twitter:data2\" content=\"4 minutos\" \/>\n<script type=\"application\/ld+json\" class=\"yoast-schema-graph\">{\"@context\":\"https:\\\/\\\/schema.org\",\"@graph\":[{\"@type\":\"Article\",\"@id\":\"https:\\\/\\\/www.rainforestfoundationuk.org\\\/nurturing-cultural-resilience-the-ashaninka-communities-and-care-federation-in-perus-ene-region\\\/#article\",\"isPartOf\":{\"@id\":\"https:\\\/\\\/www.rainforestfoundationuk.org\\\/nurturing-cultural-resilience-the-ashaninka-communities-and-care-federation-in-perus-ene-region\\\/\"},\"author\":{\"name\":\"ChantalC@rainforestuk.org\",\"@id\":\"https:\\\/\\\/www.rainforestfoundationuk.org\\\/#\\\/schema\\\/person\\\/f0d4a2bd4e310149cdb80c22b531a56f\"},\"headline\":\"Blog: Nurturing Cultural Resilience: The Ash\u00e1ninka Communities and CARE Federation in Peru&#8217;s Ene Region\",\"datePublished\":\"2023-08-31T16:08:59+00:00\",\"dateModified\":\"2023-09-12T08:47:32+00:00\",\"mainEntityOfPage\":{\"@id\":\"https:\\\/\\\/www.rainforestfoundationuk.org\\\/nurturing-cultural-resilience-the-ashaninka-communities-and-care-federation-in-perus-ene-region\\\/\"},\"wordCount\":696,\"publisher\":{\"@id\":\"https:\\\/\\\/www.rainforestfoundationuk.org\\\/#organization\"},\"image\":{\"@id\":\"https:\\\/\\\/www.rainforestfoundationuk.org\\\/nurturing-cultural-resilience-the-ashaninka-communities-and-care-federation-in-perus-ene-region\\\/#primaryimage\"},\"thumbnailUrl\":\"https:\\\/\\\/www.rainforestfoundationuk.org\\\/wp-content\\\/uploads\\\/2023\\\/08\\\/PHOTO-2022-10-10-18-16-41.jpg\",\"articleSection\":[\"Guest Blog\"],\"inLanguage\":\"es-PE\"},{\"@type\":\"WebPage\",\"@id\":\"https:\\\/\\\/www.rainforestfoundationuk.org\\\/nurturing-cultural-resilience-the-ashaninka-communities-and-care-federation-in-perus-ene-region\\\/\",\"url\":\"https:\\\/\\\/www.rainforestfoundationuk.org\\\/nurturing-cultural-resilience-the-ashaninka-communities-and-care-federation-in-perus-ene-region\\\/\",\"name\":\"Blog: Nurturing Cultural Resilience: The Ash\u00e1ninka Communities and CARE Federation in Peru's Ene Region - Rainforest Foundation UK\",\"isPartOf\":{\"@id\":\"https:\\\/\\\/www.rainforestfoundationuk.org\\\/#website\"},\"primaryImageOfPage\":{\"@id\":\"https:\\\/\\\/www.rainforestfoundationuk.org\\\/nurturing-cultural-resilience-the-ashaninka-communities-and-care-federation-in-perus-ene-region\\\/#primaryimage\"},\"image\":{\"@id\":\"https:\\\/\\\/www.rainforestfoundationuk.org\\\/nurturing-cultural-resilience-the-ashaninka-communities-and-care-federation-in-perus-ene-region\\\/#primaryimage\"},\"thumbnailUrl\":\"https:\\\/\\\/www.rainforestfoundationuk.org\\\/wp-content\\\/uploads\\\/2023\\\/08\\\/PHOTO-2022-10-10-18-16-41.jpg\",\"datePublished\":\"2023-08-31T16:08:59+00:00\",\"dateModified\":\"2023-09-12T08:47:32+00:00\",\"breadcrumb\":{\"@id\":\"https:\\\/\\\/www.rainforestfoundationuk.org\\\/nurturing-cultural-resilience-the-ashaninka-communities-and-care-federation-in-perus-ene-region\\\/#breadcrumb\"},\"inLanguage\":\"es-PE\",\"potentialAction\":[{\"@type\":\"ReadAction\",\"target\":[\"https:\\\/\\\/www.rainforestfoundationuk.org\\\/nurturing-cultural-resilience-the-ashaninka-communities-and-care-federation-in-perus-ene-region\\\/\"]}]},{\"@type\":\"ImageObject\",\"inLanguage\":\"es-PE\",\"@id\":\"https:\\\/\\\/www.rainforestfoundationuk.org\\\/nurturing-cultural-resilience-the-ashaninka-communities-and-care-federation-in-perus-ene-region\\\/#primaryimage\",\"url\":\"https:\\\/\\\/www.rainforestfoundationuk.org\\\/wp-content\\\/uploads\\\/2023\\\/08\\\/PHOTO-2022-10-10-18-16-41.jpg\",\"contentUrl\":\"https:\\\/\\\/www.rainforestfoundationuk.org\\\/wp-content\\\/uploads\\\/2023\\\/08\\\/PHOTO-2022-10-10-18-16-41.jpg\",\"width\":1224,\"height\":1224},{\"@type\":\"BreadcrumbList\",\"@id\":\"https:\\\/\\\/www.rainforestfoundationuk.org\\\/nurturing-cultural-resilience-the-ashaninka-communities-and-care-federation-in-perus-ene-region\\\/#breadcrumb\",\"itemListElement\":[{\"@type\":\"ListItem\",\"position\":1,\"name\":\"Home\",\"item\":\"https:\\\/\\\/www.rainforestfoundationuk.org\\\/\"},{\"@type\":\"ListItem\",\"position\":2,\"name\":\"Blog: Nurturing Cultural Resilience: The Ash\u00e1ninka Communities and CARE Federation in Peru&#8217;s Ene Region\"}]},{\"@type\":\"WebSite\",\"@id\":\"https:\\\/\\\/www.rainforestfoundationuk.org\\\/#website\",\"url\":\"https:\\\/\\\/www.rainforestfoundationuk.org\\\/\",\"name\":\"Rainforest Foundation UK\",\"description\":\"Securing lands, sustaining lives\",\"publisher\":{\"@id\":\"https:\\\/\\\/www.rainforestfoundationuk.org\\\/#organization\"},\"potentialAction\":[{\"@type\":\"SearchAction\",\"target\":{\"@type\":\"EntryPoint\",\"urlTemplate\":\"https:\\\/\\\/www.rainforestfoundationuk.org\\\/?s={search_term_string}\"},\"query-input\":{\"@type\":\"PropertyValueSpecification\",\"valueRequired\":true,\"valueName\":\"search_term_string\"}}],\"inLanguage\":\"es-PE\"},{\"@type\":\"Organization\",\"@id\":\"https:\\\/\\\/www.rainforestfoundationuk.org\\\/#organization\",\"name\":\"Rainforest Foundation UK\",\"url\":\"https:\\\/\\\/www.rainforestfoundationuk.org\\\/\",\"logo\":{\"@type\":\"ImageObject\",\"inLanguage\":\"es-PE\",\"@id\":\"https:\\\/\\\/www.rainforestfoundationuk.org\\\/#\\\/schema\\\/logo\\\/image\\\/\",\"url\":\"https:\\\/\\\/www.rainforestfoundationuk.org\\\/wp-content\\\/uploads\\\/2023\\\/08\\\/RFUK-logo-black.svg\",\"contentUrl\":\"https:\\\/\\\/www.rainforestfoundationuk.org\\\/wp-content\\\/uploads\\\/2023\\\/08\\\/RFUK-logo-black.svg\",\"width\":1278,\"height\":332,\"caption\":\"Rainforest Foundation UK\"},\"image\":{\"@id\":\"https:\\\/\\\/www.rainforestfoundationuk.org\\\/#\\\/schema\\\/logo\\\/image\\\/\"},\"sameAs\":[\"https:\\\/\\\/www.facebook.com\\\/rainforestfoundationuk\",\"https:\\\/\\\/x.com\\\/RFUK\",\"https:\\\/\\\/www.instagram.com\\\/rainforestfoundationuk\\\/\",\"https:\\\/\\\/www.youtube.com\\\/user\\\/theRFUK\"]},{\"@type\":\"Person\",\"@id\":\"https:\\\/\\\/www.rainforestfoundationuk.org\\\/#\\\/schema\\\/person\\\/f0d4a2bd4e310149cdb80c22b531a56f\",\"name\":\"ChantalC@rainforestuk.org\",\"image\":{\"@type\":\"ImageObject\",\"inLanguage\":\"es-PE\",\"@id\":\"https:\\\/\\\/secure.gravatar.com\\\/avatar\\\/b00485b82ec942f1c735071ee073b8ceaacb1804d0b1f2ad59ed7aad0086b3aa?s=96&d=mm&r=g\",\"url\":\"https:\\\/\\\/secure.gravatar.com\\\/avatar\\\/b00485b82ec942f1c735071ee073b8ceaacb1804d0b1f2ad59ed7aad0086b3aa?s=96&d=mm&r=g\",\"contentUrl\":\"https:\\\/\\\/secure.gravatar.com\\\/avatar\\\/b00485b82ec942f1c735071ee073b8ceaacb1804d0b1f2ad59ed7aad0086b3aa?s=96&d=mm&r=g\",\"caption\":\"ChantalC@rainforestuk.org\"}}]}<\/script>\n<!-- \/ Yoast SEO plugin. -->","yoast_head_json":{"title":"Blog: Cultivando la resiliencia cultural: Las Comunidades Ash\u00e1ninka y la Federaci\u00f3n CARE en la Regi\u00f3n Ene de Per\u00fa - Rainforest Foundation UK","robots":{"index":"index","follow":"follow","max-snippet":"max-snippet:-1","max-image-preview":"max-image-preview:large","max-video-preview":"max-video-preview:-1"},"canonical":"https:\/\/www.rainforestfoundationuk.org\/es\/alimentando-la-resiliencia-cultural-las-comunidades-ashaninka-y-la-federacion-de-cuidados-en-la-region-de-perus-ene\/","og_locale":"es_ES","og_type":"article","og_title":"Blog: Nurturing Cultural Resilience: The Ash\u00e1ninka Communities and CARE Federation in Peru's Ene Region - Rainforest Foundation UK","og_description":"The CARE Federation\u00a0is a testament to the strength, resilience and unity of the Ash\u00e1ninka Indigenous People of Peru&#8217;s Ene region. In this blog, RFUK explores the Ash\u00e1ninka way of life and how CARE&#8217;s support brings about positive change for the 19 communities it represents. Rising from Troubled Times Founded in 1993, CARE was born at ... Read more","og_url":"https:\/\/www.rainforestfoundationuk.org\/es\/alimentando-la-resiliencia-cultural-las-comunidades-ashaninka-y-la-federacion-de-cuidados-en-la-region-de-perus-ene\/","og_site_name":"Rainforest Foundation UK","article_publisher":"https:\/\/www.facebook.com\/rainforestfoundationuk","article_published_time":"2023-08-31T16:08:59+00:00","article_modified_time":"2023-09-12T08:47:32+00:00","og_image":[{"width":1224,"height":1224,"url":"https:\/\/www.rainforestfoundationuk.org\/wp-content\/uploads\/2023\/08\/PHOTO-2022-10-10-18-16-41.jpg","type":"image\/jpeg"}],"author":"ChantalC@rainforestuk.org","twitter_card":"summary_large_image","twitter_creator":"@RFUK","twitter_site":"@RFUK","twitter_misc":{"Written by":"ChantalC@rainforestuk.org","Est. reading time":"4 minutos"},"schema":{"@context":"https:\/\/schema.org","@graph":[{"@type":"Article","@id":"https:\/\/www.rainforestfoundationuk.org\/nurturing-cultural-resilience-the-ashaninka-communities-and-care-federation-in-perus-ene-region\/#article","isPartOf":{"@id":"https:\/\/www.rainforestfoundationuk.org\/nurturing-cultural-resilience-the-ashaninka-communities-and-care-federation-in-perus-ene-region\/"},"author":{"name":"ChantalC@rainforestuk.org","@id":"https:\/\/www.rainforestfoundationuk.org\/#\/schema\/person\/f0d4a2bd4e310149cdb80c22b531a56f"},"headline":"Blog: Nurturing Cultural Resilience: The Ash\u00e1ninka Communities and CARE Federation in Peru&#8217;s Ene Region","datePublished":"2023-08-31T16:08:59+00:00","dateModified":"2023-09-12T08:47:32+00:00","mainEntityOfPage":{"@id":"https:\/\/www.rainforestfoundationuk.org\/nurturing-cultural-resilience-the-ashaninka-communities-and-care-federation-in-perus-ene-region\/"},"wordCount":696,"publisher":{"@id":"https:\/\/www.rainforestfoundationuk.org\/#organization"},"image":{"@id":"https:\/\/www.rainforestfoundationuk.org\/nurturing-cultural-resilience-the-ashaninka-communities-and-care-federation-in-perus-ene-region\/#primaryimage"},"thumbnailUrl":"https:\/\/www.rainforestfoundationuk.org\/wp-content\/uploads\/2023\/08\/PHOTO-2022-10-10-18-16-41.jpg","articleSection":["Guest Blog"],"inLanguage":"es-PE"},{"@type":"WebPage","@id":"https:\/\/www.rainforestfoundationuk.org\/nurturing-cultural-resilience-the-ashaninka-communities-and-care-federation-in-perus-ene-region\/","url":"https:\/\/www.rainforestfoundationuk.org\/nurturing-cultural-resilience-the-ashaninka-communities-and-care-federation-in-perus-ene-region\/","name":"Blog: Cultivando la resiliencia cultural: Las Comunidades Ash\u00e1ninka y la Federaci\u00f3n CARE en la Regi\u00f3n Ene de Per\u00fa - Rainforest Foundation UK","isPartOf":{"@id":"https:\/\/www.rainforestfoundationuk.org\/#website"},"primaryImageOfPage":{"@id":"https:\/\/www.rainforestfoundationuk.org\/nurturing-cultural-resilience-the-ashaninka-communities-and-care-federation-in-perus-ene-region\/#primaryimage"},"image":{"@id":"https:\/\/www.rainforestfoundationuk.org\/nurturing-cultural-resilience-the-ashaninka-communities-and-care-federation-in-perus-ene-region\/#primaryimage"},"thumbnailUrl":"https:\/\/www.rainforestfoundationuk.org\/wp-content\/uploads\/2023\/08\/PHOTO-2022-10-10-18-16-41.jpg","datePublished":"2023-08-31T16:08:59+00:00","dateModified":"2023-09-12T08:47:32+00:00","breadcrumb":{"@id":"https:\/\/www.rainforestfoundationuk.org\/nurturing-cultural-resilience-the-ashaninka-communities-and-care-federation-in-perus-ene-region\/#breadcrumb"},"inLanguage":"es-PE","potentialAction":[{"@type":"ReadAction","target":["https:\/\/www.rainforestfoundationuk.org\/nurturing-cultural-resilience-the-ashaninka-communities-and-care-federation-in-perus-ene-region\/"]}]},{"@type":"ImageObject","inLanguage":"es-PE","@id":"https:\/\/www.rainforestfoundationuk.org\/nurturing-cultural-resilience-the-ashaninka-communities-and-care-federation-in-perus-ene-region\/#primaryimage","url":"https:\/\/www.rainforestfoundationuk.org\/wp-content\/uploads\/2023\/08\/PHOTO-2022-10-10-18-16-41.jpg","contentUrl":"https:\/\/www.rainforestfoundationuk.org\/wp-content\/uploads\/2023\/08\/PHOTO-2022-10-10-18-16-41.jpg","width":1224,"height":1224},{"@type":"BreadcrumbList","@id":"https:\/\/www.rainforestfoundationuk.org\/nurturing-cultural-resilience-the-ashaninka-communities-and-care-federation-in-perus-ene-region\/#breadcrumb","itemListElement":[{"@type":"ListItem","position":1,"name":"Home","item":"https:\/\/www.rainforestfoundationuk.org\/"},{"@type":"ListItem","position":2,"name":"Blog: Nurturing Cultural Resilience: The Ash\u00e1ninka Communities and CARE Federation in Peru&#8217;s Ene Region"}]},{"@type":"WebSite","@id":"https:\/\/www.rainforestfoundationuk.org\/#website","url":"https:\/\/www.rainforestfoundationuk.org\/","name":"Fundaci\u00f3n Rainforest del Reino Unido","description":"Proteger la tierra, preservar la vida","publisher":{"@id":"https:\/\/www.rainforestfoundationuk.org\/#organization"},"potentialAction":[{"@type":"SearchAction","target":{"@type":"EntryPoint","urlTemplate":"https:\/\/www.rainforestfoundationuk.org\/?s={search_term_string}"},"query-input":{"@type":"PropertyValueSpecification","valueRequired":true,"valueName":"search_term_string"}}],"inLanguage":"es-PE"},{"@type":"Organization","@id":"https:\/\/www.rainforestfoundationuk.org\/#organization","name":"Fundaci\u00f3n Rainforest del Reino Unido","url":"https:\/\/www.rainforestfoundationuk.org\/","logo":{"@type":"ImageObject","inLanguage":"es-PE","@id":"https:\/\/www.rainforestfoundationuk.org\/#\/schema\/logo\/image\/","url":"https:\/\/www.rainforestfoundationuk.org\/wp-content\/uploads\/2023\/08\/RFUK-logo-black.svg","contentUrl":"https:\/\/www.rainforestfoundationuk.org\/wp-content\/uploads\/2023\/08\/RFUK-logo-black.svg","width":1278,"height":332,"caption":"Rainforest Foundation UK"},"image":{"@id":"https:\/\/www.rainforestfoundationuk.org\/#\/schema\/logo\/image\/"},"sameAs":["https:\/\/www.facebook.com\/rainforestfoundationuk","https:\/\/x.com\/RFUK","https:\/\/www.instagram.com\/rainforestfoundationuk\/","https:\/\/www.youtube.com\/user\/theRFUK"]},{"@type":"Person","@id":"https:\/\/www.rainforestfoundationuk.org\/#\/schema\/person\/f0d4a2bd4e310149cdb80c22b531a56f","name":"ChantalC@rainforestuk.org","image":{"@type":"ImageObject","inLanguage":"es-PE","@id":"https:\/\/secure.gravatar.com\/avatar\/b00485b82ec942f1c735071ee073b8ceaacb1804d0b1f2ad59ed7aad0086b3aa?s=96&d=mm&r=g","url":"https:\/\/secure.gravatar.com\/avatar\/b00485b82ec942f1c735071ee073b8ceaacb1804d0b1f2ad59ed7aad0086b3aa?s=96&d=mm&r=g","contentUrl":"https:\/\/secure.gravatar.com\/avatar\/b00485b82ec942f1c735071ee073b8ceaacb1804d0b1f2ad59ed7aad0086b3aa?s=96&d=mm&r=g","caption":"ChantalC@rainforestuk.org"}}]}},"_links":{"self":[{"href":"https:\/\/www.rainforestfoundationuk.org\/es\/wp-json\/wp\/v2\/posts\/6688","targetHints":{"allow":["GET"]}}],"collection":[{"href":"https:\/\/www.rainforestfoundationuk.org\/es\/wp-json\/wp\/v2\/posts"}],"about":[{"href":"https:\/\/www.rainforestfoundationuk.org\/es\/wp-json\/wp\/v2\/types\/post"}],"author":[{"embeddable":true,"href":"https:\/\/www.rainforestfoundationuk.org\/es\/wp-json\/wp\/v2\/users\/10"}],"replies":[{"embeddable":true,"href":"https:\/\/www.rainforestfoundationuk.org\/es\/wp-json\/wp\/v2\/comments?post=6688"}],"version-history":[{"count":5,"href":"https:\/\/www.rainforestfoundationuk.org\/es\/wp-json\/wp\/v2\/posts\/6688\/revisions"}],"predecessor-version":[{"id":6739,"href":"https:\/\/www.rainforestfoundationuk.org\/es\/wp-json\/wp\/v2\/posts\/6688\/revisions\/6739"}],"wp:featuredmedia":[{"embeddable":true,"href":"https:\/\/www.rainforestfoundationuk.org\/es\/wp-json\/wp\/v2\/media\/6689"}],"wp:attachment":[{"href":"https:\/\/www.rainforestfoundationuk.org\/es\/wp-json\/wp\/v2\/media?parent=6688"}],"wp:term":[{"taxonomy":"category","embeddable":true,"href":"https:\/\/www.rainforestfoundationuk.org\/es\/wp-json\/wp\/v2\/categories?post=6688"},{"taxonomy":"countires","embeddable":true,"href":"https:\/\/www.rainforestfoundationuk.org\/es\/wp-json\/wp\/v2\/countires?post=6688"},{"taxonomy":"work_theme","embeddable":true,"href":"https:\/\/www.rainforestfoundationuk.org\/es\/wp-json\/wp\/v2\/work_theme?post=6688"},{"taxonomy":"language","embeddable":true,"href":"https:\/\/www.rainforestfoundationuk.org\/es\/wp-json\/wp\/v2\/language?post=6688"},{"taxonomy":"partner","embeddable":true,"href":"https:\/\/www.rainforestfoundationuk.org\/es\/wp-json\/wp\/v2\/partner?post=6688"}],"curies":[{"name":"wp","href":"https:\/\/api.w.org\/{rel}","templated":true}]}}