{"id":2999,"date":"2022-04-04T00:00:40","date_gmt":"2022-04-04T00:00:40","guid":{"rendered":"https:\/\/www.rainforestfoundationuk.org\/?p=2999"},"modified":"2022-10-11T16:50:55","modified_gmt":"2022-10-11T16:50:55","slug":"soyez-a-lecoute-le-10-avril-pour-entendre-stephen-fry-partager-notre-appel","status":"publish","type":"post","link":"https:\/\/www.rainforestfoundationuk.org\/fr\/tune-in-10-april-to-hear-stephen-fry-share-our-appeal\/","title":{"rendered":"Soyez \u00e0 l'\u00e9coute le 10 avril pour entendre Stephen Fry partager notre appel."},"content":{"rendered":"<img loading=\"lazy\" decoding=\"async\" src=\"https:\/\/www.rainforestfoundationuk.org\/wp-content\/uploads\/2022\/04\/67112f22-a9fd-4f7f-97f1-9546c836fda4.png\" alt=\"67112f22-a9fd-4f7f-97f1-9546c836fda4\" itemprop=\"image\" height=\"385\" width=\"1348\" title=\"67112f22-a9fd-4f7f-97f1-9546c836fda4\" onerror=\"this.style.display='none'\"  \/>\r\n\t<h3>LE DIMANCHE 10 AVRIL, STEPHEN FRY FAIT \u00c9QUIPE AVEC RAINFOREST FOUNDATION UK POUR R\u00c9PONDRE \u00c0 NOTRE APPEL DE FONDS SUR BBC RADIO 4<\/h3>\r\n\t<p><a href=\"https:\/\/www.bbc.co.uk\/programmes\/m00168f9\">A \u00e9couter \u00e0 07:54 ou 21:25<\/a>\u00a0sur les 10<sup>th<\/sup>\u00a0avril pour \u00e9couter Stephen raconter l'histoire de la communaut\u00e9 d'Ilinga en R\u00e9publique d\u00e9mocratique du Congo, et la fa\u00e7on dont nous l'avons aid\u00e9e \u00e0 cartographier ses terres et \u00e0 demander et obtenir le statut officiel de for\u00eat communautaire. Nous continuons \u00e0 les aider aujourd'hui \u00e0 planifier l'utilisation durable de leurs terres.<\/p>\r\n<p>Dans le cadre de cet appel radio, les dons seront financ\u00e9s \u00e0 hauteur de 10 000 livres sterling par notre entreprise partenaire Carluccio's et par notre bailleur de fonds de longue date, Size of Wales.<\/p>\r\n<h5>POUR EN SAVOIR PLUS : <a href=\"https:\/\/www.bbc.co.uk\/programmes\/m00168f9\">WWW.BBC.CO.UK\/PROGRAMMES\/M00168F9\u00a0\u00a0\u00a0<\/a><\/h5>\r\n<h5>OU\u00a0<a href=\"https:\/\/rainforestfoundationuk.enthuse.com\/R4CharityAppeal#!\/\">FAIRE UN DON DIRECTEMENT ICI<\/a><\/h5>\r\n\t<iframe loading=\"lazy\" src=\"https:\/\/www.canva.com\/design\/DAE6ZHI3_GQ\/watch?embed\" width=\"100%\" height=\"100%\">\r\n  <\/iframe>\r\n\t<p>Partagez ceci :<\/p>\r\n\t\t\t\t<a href=\"mailto:?body=https:\/\/www.rainforestfoundationuk.org\/?p=2999&#038;fl_builder\">\r\n\t\t\t\t\t\t\t\t\t\t\t\tPartager sur l'e-mail\r\n\t\t\t\t\t\t\t\t\t\t\t\t\t\t\tCourriel\r\n\t\t\t\t\t\t\t\t\t<\/a>\r\n\t\t\t\t<a href=\"https:\/\/twitter.com\/intent\/tweet?url=https:\/\/www.rainforestfoundationuk.org\/?p=2999&#038;fl_builder&#038;text=Tune-in+10+April+to+hear+Stephen+Fry+share+our+appeal\">\r\n\t\t\t\t\t\t\t\t\t\t\t\tPartager sur Twitter\r\n\t\t\t\t\t\t\t\t\t\t\t\t\t\t\tTwitter\r\n\t\t\t\t\t\t\t\t\t<\/a>\r\n\t\t\t\t<a href=\"https:\/\/www.facebook.com\/sharer.php?u=https:\/\/www.rainforestfoundationuk.org\/?p=2999&#038;fl_builder&#038;title=Tune-in+10+April+to+hear+Stephen+Fry+share+our+appeal\">\r\n\t\t\t\t\t\t\t\t\t\t\t\tPartager sur Facebook\r\n\t\t\t\t\t\t\t\t\t\t\t\t\t\t\tFacebook\r\n\t\t\t\t\t\t\t\t\t<\/a>\r\n\t<a href=\"https:\/\/twitter.com\/RFUK\"  data-theme=\"light\" data-show-replies=\"false\"  data-tweet-limit=\"3\" data-link-color=\"#8ca122\">Tweets by RFUK<\/a>","protected":false},"excerpt":{"rendered":"<p>Le dimanche 10 avril, STEPHEN FRY s'associe \u00e0 la RAINFOREST FOUNDATION UK pour pr\u00e9senter notre appel \u00e0 la g\u00e9n\u00e9rosit\u00e9 sur BBC RADIO 4. Ecoutez Stephen \u00e0 07:54 ou 21:25 le 10 avril pour entendre l'histoire de la communaut\u00e9 d'Ilinga en R\u00e9publique d\u00e9mocratique du Congo, et la fa\u00e7on dont nous les avons soutenus dans leur mission de cartographier leur ... <a title=\"Soyez \u00e0 l&#039;\u00e9coute le 10 avril pour entendre Stephen Fry partager notre appel.\" class=\"read-more\" href=\"https:\/\/www.rainforestfoundationuk.org\/fr\/tune-in-10-april-to-hear-stephen-fry-share-our-appeal\/\" aria-label=\"En savoir plus sur Tune-in 10 April to hear Stephen Fry share our appeal\">Lire plus<\/a><\/p>","protected":false},"author":2,"featured_media":3000,"comment_status":"closed","ping_status":"closed","sticky":false,"template":"","format":"standard","meta":{"_acf_changed":false,"footnotes":""},"categories":[1],"countires":[61],"work_theme":[68],"language":[59],"partner":[],"class_list":["post-2999","post","type-post","status-publish","format-standard","has-post-thumbnail","hentry","category-news","countires-international","work_theme-aid-effectiveness","language-english","no-featured-image-padding"],"acf":[],"yoast_head":"<!-- This site is optimized with the Yoast SEO plugin v27.5 - https:\/\/yoast.com\/product\/yoast-seo-wordpress\/ -->\n<title>Tune-in 10 April to hear Stephen Fry share our appeal - Rainforest Foundation UK<\/title>\n<meta name=\"robots\" content=\"index, follow, max-snippet:-1, max-image-preview:large, max-video-preview:-1\" \/>\n<link rel=\"canonical\" href=\"https:\/\/www.rainforestfoundationuk.org\/fr\/soyez-a-lecoute-le-10-avril-pour-entendre-stephen-fry-partager-notre-appel\/\" \/>\n<meta property=\"og:locale\" content=\"fr_FR\" \/>\n<meta property=\"og:type\" content=\"article\" \/>\n<meta property=\"og:title\" content=\"Tune-in 10 April to hear Stephen Fry share our appeal - Rainforest Foundation UK\" \/>\n<meta property=\"og:description\" content=\"ON SUNDAY 10TH APRIL, STEPHEN FRY TEAMS UP WITH RAINFOREST FOUNDATION UK TO VOICE OUR BBC RADIO 4 CHARITY APPEAL Tune in at 07:54 or 21:25\u00a0on the 10th\u00a0April to hear Stephen tell the story of the Ilinga community in the Democratic Republic of Congo, and how we supported them in their mission to map their ... Lire plus\" \/>\n<meta property=\"og:url\" content=\"https:\/\/www.rainforestfoundationuk.org\/fr\/soyez-a-lecoute-le-10-avril-pour-entendre-stephen-fry-partager-notre-appel\/\" \/>\n<meta property=\"og:site_name\" content=\"Rainforest Foundation UK\" \/>\n<meta property=\"article:publisher\" content=\"https:\/\/www.facebook.com\/rainforestfoundationuk\" \/>\n<meta property=\"article:published_time\" content=\"2022-04-04T00:00:40+00:00\" \/>\n<meta property=\"article:modified_time\" content=\"2022-10-11T16:50:55+00:00\" \/>\n<meta property=\"og:image\" content=\"https:\/\/www.rainforestfoundationuk.org\/wp-content\/uploads\/2022\/04\/85fc1b9a-b2ab-4c74-938c-6b24dba339e7.png\" \/>\n\t<meta property=\"og:image:width\" content=\"940\" \/>\n\t<meta property=\"og:image:height\" content=\"788\" \/>\n\t<meta property=\"og:image:type\" content=\"image\/png\" \/>\n<meta name=\"author\" content=\"tech@raygundesign.co.uk\" \/>\n<meta name=\"twitter:card\" content=\"summary_large_image\" \/>\n<meta name=\"twitter:creator\" content=\"@RFUK\" \/>\n<meta name=\"twitter:site\" content=\"@RFUK\" \/>\n<meta name=\"twitter:label1\" content=\"\u00c9crit par\" \/>\n\t<meta name=\"twitter:data1\" content=\"tech@raygundesign.co.uk\" \/>\n\t<meta name=\"twitter:label2\" content=\"Dur\u00e9e de lecture estim\u00e9e\" \/>\n\t<meta name=\"twitter:data2\" content=\"1 minute\" \/>\n<script type=\"application\/ld+json\" class=\"yoast-schema-graph\">{\"@context\":\"https:\\\/\\\/schema.org\",\"@graph\":[{\"@type\":\"Article\",\"@id\":\"https:\\\/\\\/www.rainforestfoundationuk.org\\\/tune-in-10-april-to-hear-stephen-fry-share-our-appeal\\\/#article\",\"isPartOf\":{\"@id\":\"https:\\\/\\\/www.rainforestfoundationuk.org\\\/tune-in-10-april-to-hear-stephen-fry-share-our-appeal\\\/\"},\"author\":{\"name\":\"tech@raygundesign.co.uk\",\"@id\":\"https:\\\/\\\/www.rainforestfoundationuk.org\\\/#\\\/schema\\\/person\\\/2a7b4f9b1f9353c1d4e006a76a706fcb\"},\"headline\":\"Tune-in 10 April to hear Stephen Fry share our appeal\",\"datePublished\":\"2022-04-04T00:00:40+00:00\",\"dateModified\":\"2022-10-11T16:50:55+00:00\",\"mainEntityOfPage\":{\"@id\":\"https:\\\/\\\/www.rainforestfoundationuk.org\\\/tune-in-10-april-to-hear-stephen-fry-share-our-appeal\\\/\"},\"wordCount\":149,\"publisher\":{\"@id\":\"https:\\\/\\\/www.rainforestfoundationuk.org\\\/#organization\"},\"image\":{\"@id\":\"https:\\\/\\\/www.rainforestfoundationuk.org\\\/tune-in-10-april-to-hear-stephen-fry-share-our-appeal\\\/#primaryimage\"},\"thumbnailUrl\":\"https:\\\/\\\/www.rainforestfoundationuk.org\\\/wp-content\\\/uploads\\\/2022\\\/04\\\/85fc1b9a-b2ab-4c74-938c-6b24dba339e7.png\",\"articleSection\":[\"News\"],\"inLanguage\":\"fr-FR\"},{\"@type\":\"WebPage\",\"@id\":\"https:\\\/\\\/www.rainforestfoundationuk.org\\\/tune-in-10-april-to-hear-stephen-fry-share-our-appeal\\\/\",\"url\":\"https:\\\/\\\/www.rainforestfoundationuk.org\\\/tune-in-10-april-to-hear-stephen-fry-share-our-appeal\\\/\",\"name\":\"Tune-in 10 April to hear Stephen Fry share our appeal - Rainforest Foundation UK\",\"isPartOf\":{\"@id\":\"https:\\\/\\\/www.rainforestfoundationuk.org\\\/#website\"},\"primaryImageOfPage\":{\"@id\":\"https:\\\/\\\/www.rainforestfoundationuk.org\\\/tune-in-10-april-to-hear-stephen-fry-share-our-appeal\\\/#primaryimage\"},\"image\":{\"@id\":\"https:\\\/\\\/www.rainforestfoundationuk.org\\\/tune-in-10-april-to-hear-stephen-fry-share-our-appeal\\\/#primaryimage\"},\"thumbnailUrl\":\"https:\\\/\\\/www.rainforestfoundationuk.org\\\/wp-content\\\/uploads\\\/2022\\\/04\\\/85fc1b9a-b2ab-4c74-938c-6b24dba339e7.png\",\"datePublished\":\"2022-04-04T00:00:40+00:00\",\"dateModified\":\"2022-10-11T16:50:55+00:00\",\"breadcrumb\":{\"@id\":\"https:\\\/\\\/www.rainforestfoundationuk.org\\\/tune-in-10-april-to-hear-stephen-fry-share-our-appeal\\\/#breadcrumb\"},\"inLanguage\":\"fr-FR\",\"potentialAction\":[{\"@type\":\"ReadAction\",\"target\":[\"https:\\\/\\\/www.rainforestfoundationuk.org\\\/tune-in-10-april-to-hear-stephen-fry-share-our-appeal\\\/\"]}]},{\"@type\":\"ImageObject\",\"inLanguage\":\"fr-FR\",\"@id\":\"https:\\\/\\\/www.rainforestfoundationuk.org\\\/tune-in-10-april-to-hear-stephen-fry-share-our-appeal\\\/#primaryimage\",\"url\":\"https:\\\/\\\/www.rainforestfoundationuk.org\\\/wp-content\\\/uploads\\\/2022\\\/04\\\/85fc1b9a-b2ab-4c74-938c-6b24dba339e7.png\",\"contentUrl\":\"https:\\\/\\\/www.rainforestfoundationuk.org\\\/wp-content\\\/uploads\\\/2022\\\/04\\\/85fc1b9a-b2ab-4c74-938c-6b24dba339e7.png\",\"width\":940,\"height\":788},{\"@type\":\"BreadcrumbList\",\"@id\":\"https:\\\/\\\/www.rainforestfoundationuk.org\\\/tune-in-10-april-to-hear-stephen-fry-share-our-appeal\\\/#breadcrumb\",\"itemListElement\":[{\"@type\":\"ListItem\",\"position\":1,\"name\":\"Home\",\"item\":\"https:\\\/\\\/www.rainforestfoundationuk.org\\\/\"},{\"@type\":\"ListItem\",\"position\":2,\"name\":\"Tune-in 10 April to hear Stephen Fry share our appeal\"}]},{\"@type\":\"WebSite\",\"@id\":\"https:\\\/\\\/www.rainforestfoundationuk.org\\\/#website\",\"url\":\"https:\\\/\\\/www.rainforestfoundationuk.org\\\/\",\"name\":\"Rainforest Foundation UK\",\"description\":\"Securing lands, sustaining lives\",\"publisher\":{\"@id\":\"https:\\\/\\\/www.rainforestfoundationuk.org\\\/#organization\"},\"potentialAction\":[{\"@type\":\"SearchAction\",\"target\":{\"@type\":\"EntryPoint\",\"urlTemplate\":\"https:\\\/\\\/www.rainforestfoundationuk.org\\\/?s={search_term_string}\"},\"query-input\":{\"@type\":\"PropertyValueSpecification\",\"valueRequired\":true,\"valueName\":\"search_term_string\"}}],\"inLanguage\":\"fr-FR\"},{\"@type\":\"Organization\",\"@id\":\"https:\\\/\\\/www.rainforestfoundationuk.org\\\/#organization\",\"name\":\"Rainforest Foundation UK\",\"url\":\"https:\\\/\\\/www.rainforestfoundationuk.org\\\/\",\"logo\":{\"@type\":\"ImageObject\",\"inLanguage\":\"fr-FR\",\"@id\":\"https:\\\/\\\/www.rainforestfoundationuk.org\\\/#\\\/schema\\\/logo\\\/image\\\/\",\"url\":\"https:\\\/\\\/www.rainforestfoundationuk.org\\\/wp-content\\\/uploads\\\/2023\\\/08\\\/RFUK-logo-black.svg\",\"contentUrl\":\"https:\\\/\\\/www.rainforestfoundationuk.org\\\/wp-content\\\/uploads\\\/2023\\\/08\\\/RFUK-logo-black.svg\",\"width\":1278,\"height\":332,\"caption\":\"Rainforest Foundation UK\"},\"image\":{\"@id\":\"https:\\\/\\\/www.rainforestfoundationuk.org\\\/#\\\/schema\\\/logo\\\/image\\\/\"},\"sameAs\":[\"https:\\\/\\\/www.facebook.com\\\/rainforestfoundationuk\",\"https:\\\/\\\/x.com\\\/RFUK\",\"https:\\\/\\\/www.instagram.com\\\/rainforestfoundationuk\\\/\",\"https:\\\/\\\/www.youtube.com\\\/user\\\/theRFUK\"]},{\"@type\":\"Person\",\"@id\":\"https:\\\/\\\/www.rainforestfoundationuk.org\\\/#\\\/schema\\\/person\\\/2a7b4f9b1f9353c1d4e006a76a706fcb\",\"name\":\"tech@raygundesign.co.uk\",\"image\":{\"@type\":\"ImageObject\",\"inLanguage\":\"fr-FR\",\"@id\":\"https:\\\/\\\/secure.gravatar.com\\\/avatar\\\/5a766e006cdc391fd343ad637a93c37a8476f58702edf620da5bed651e12c7cb?s=96&d=mm&r=g\",\"url\":\"https:\\\/\\\/secure.gravatar.com\\\/avatar\\\/5a766e006cdc391fd343ad637a93c37a8476f58702edf620da5bed651e12c7cb?s=96&d=mm&r=g\",\"contentUrl\":\"https:\\\/\\\/secure.gravatar.com\\\/avatar\\\/5a766e006cdc391fd343ad637a93c37a8476f58702edf620da5bed651e12c7cb?s=96&d=mm&r=g\",\"caption\":\"tech@raygundesign.co.uk\"}}]}<\/script>\n<!-- \/ Yoast SEO plugin. -->","yoast_head_json":{"title":"Le 10 avril, Stephen Fry partagera notre appel avec vous - Rainforest Foundation UK","robots":{"index":"index","follow":"follow","max-snippet":"max-snippet:-1","max-image-preview":"max-image-preview:large","max-video-preview":"max-video-preview:-1"},"canonical":"https:\/\/www.rainforestfoundationuk.org\/fr\/soyez-a-lecoute-le-10-avril-pour-entendre-stephen-fry-partager-notre-appel\/","og_locale":"fr_FR","og_type":"article","og_title":"Tune-in 10 April to hear Stephen Fry share our appeal - Rainforest Foundation UK","og_description":"ON SUNDAY 10TH APRIL, STEPHEN FRY TEAMS UP WITH RAINFOREST FOUNDATION UK TO VOICE OUR BBC RADIO 4 CHARITY APPEAL Tune in at 07:54 or 21:25\u00a0on the 10th\u00a0April to hear Stephen tell the story of the Ilinga community in the Democratic Republic of Congo, and how we supported them in their mission to map their ... Lire plus","og_url":"https:\/\/www.rainforestfoundationuk.org\/fr\/soyez-a-lecoute-le-10-avril-pour-entendre-stephen-fry-partager-notre-appel\/","og_site_name":"Rainforest Foundation UK","article_publisher":"https:\/\/www.facebook.com\/rainforestfoundationuk","article_published_time":"2022-04-04T00:00:40+00:00","article_modified_time":"2022-10-11T16:50:55+00:00","og_image":[{"width":940,"height":788,"url":"https:\/\/www.rainforestfoundationuk.org\/wp-content\/uploads\/2022\/04\/85fc1b9a-b2ab-4c74-938c-6b24dba339e7.png","type":"image\/png"}],"author":"tech@raygundesign.co.uk","twitter_card":"summary_large_image","twitter_creator":"@RFUK","twitter_site":"@RFUK","twitter_misc":{"\u00c9crit par":"tech@raygundesign.co.uk","Dur\u00e9e de lecture estim\u00e9e":"1 minute"},"schema":{"@context":"https:\/\/schema.org","@graph":[{"@type":"Article","@id":"https:\/\/www.rainforestfoundationuk.org\/tune-in-10-april-to-hear-stephen-fry-share-our-appeal\/#article","isPartOf":{"@id":"https:\/\/www.rainforestfoundationuk.org\/tune-in-10-april-to-hear-stephen-fry-share-our-appeal\/"},"author":{"name":"tech@raygundesign.co.uk","@id":"https:\/\/www.rainforestfoundationuk.org\/#\/schema\/person\/2a7b4f9b1f9353c1d4e006a76a706fcb"},"headline":"Tune-in 10 April to hear Stephen Fry share our appeal","datePublished":"2022-04-04T00:00:40+00:00","dateModified":"2022-10-11T16:50:55+00:00","mainEntityOfPage":{"@id":"https:\/\/www.rainforestfoundationuk.org\/tune-in-10-april-to-hear-stephen-fry-share-our-appeal\/"},"wordCount":149,"publisher":{"@id":"https:\/\/www.rainforestfoundationuk.org\/#organization"},"image":{"@id":"https:\/\/www.rainforestfoundationuk.org\/tune-in-10-april-to-hear-stephen-fry-share-our-appeal\/#primaryimage"},"thumbnailUrl":"https:\/\/www.rainforestfoundationuk.org\/wp-content\/uploads\/2022\/04\/85fc1b9a-b2ab-4c74-938c-6b24dba339e7.png","articleSection":["News"],"inLanguage":"fr-FR"},{"@type":"WebPage","@id":"https:\/\/www.rainforestfoundationuk.org\/tune-in-10-april-to-hear-stephen-fry-share-our-appeal\/","url":"https:\/\/www.rainforestfoundationuk.org\/tune-in-10-april-to-hear-stephen-fry-share-our-appeal\/","name":"Le 10 avril, Stephen Fry partagera notre appel avec vous - Rainforest Foundation UK","isPartOf":{"@id":"https:\/\/www.rainforestfoundationuk.org\/#website"},"primaryImageOfPage":{"@id":"https:\/\/www.rainforestfoundationuk.org\/tune-in-10-april-to-hear-stephen-fry-share-our-appeal\/#primaryimage"},"image":{"@id":"https:\/\/www.rainforestfoundationuk.org\/tune-in-10-april-to-hear-stephen-fry-share-our-appeal\/#primaryimage"},"thumbnailUrl":"https:\/\/www.rainforestfoundationuk.org\/wp-content\/uploads\/2022\/04\/85fc1b9a-b2ab-4c74-938c-6b24dba339e7.png","datePublished":"2022-04-04T00:00:40+00:00","dateModified":"2022-10-11T16:50:55+00:00","breadcrumb":{"@id":"https:\/\/www.rainforestfoundationuk.org\/tune-in-10-april-to-hear-stephen-fry-share-our-appeal\/#breadcrumb"},"inLanguage":"fr-FR","potentialAction":[{"@type":"ReadAction","target":["https:\/\/www.rainforestfoundationuk.org\/tune-in-10-april-to-hear-stephen-fry-share-our-appeal\/"]}]},{"@type":"ImageObject","inLanguage":"fr-FR","@id":"https:\/\/www.rainforestfoundationuk.org\/tune-in-10-april-to-hear-stephen-fry-share-our-appeal\/#primaryimage","url":"https:\/\/www.rainforestfoundationuk.org\/wp-content\/uploads\/2022\/04\/85fc1b9a-b2ab-4c74-938c-6b24dba339e7.png","contentUrl":"https:\/\/www.rainforestfoundationuk.org\/wp-content\/uploads\/2022\/04\/85fc1b9a-b2ab-4c74-938c-6b24dba339e7.png","width":940,"height":788},{"@type":"BreadcrumbList","@id":"https:\/\/www.rainforestfoundationuk.org\/tune-in-10-april-to-hear-stephen-fry-share-our-appeal\/#breadcrumb","itemListElement":[{"@type":"ListItem","position":1,"name":"Home","item":"https:\/\/www.rainforestfoundationuk.org\/"},{"@type":"ListItem","position":2,"name":"Tune-in 10 April to hear Stephen Fry share our appeal"}]},{"@type":"WebSite","@id":"https:\/\/www.rainforestfoundationuk.org\/#website","url":"https:\/\/www.rainforestfoundationuk.org\/","name":"Rainforest Foundation UK","description":"S\u00e9curiser les terres, pr\u00e9server les vies","publisher":{"@id":"https:\/\/www.rainforestfoundationuk.org\/#organization"},"potentialAction":[{"@type":"SearchAction","target":{"@type":"EntryPoint","urlTemplate":"https:\/\/www.rainforestfoundationuk.org\/?s={search_term_string}"},"query-input":{"@type":"PropertyValueSpecification","valueRequired":true,"valueName":"search_term_string"}}],"inLanguage":"fr-FR"},{"@type":"Organization","@id":"https:\/\/www.rainforestfoundationuk.org\/#organization","name":"Rainforest Foundation UK","url":"https:\/\/www.rainforestfoundationuk.org\/","logo":{"@type":"ImageObject","inLanguage":"fr-FR","@id":"https:\/\/www.rainforestfoundationuk.org\/#\/schema\/logo\/image\/","url":"https:\/\/www.rainforestfoundationuk.org\/wp-content\/uploads\/2023\/08\/RFUK-logo-black.svg","contentUrl":"https:\/\/www.rainforestfoundationuk.org\/wp-content\/uploads\/2023\/08\/RFUK-logo-black.svg","width":1278,"height":332,"caption":"Rainforest Foundation UK"},"image":{"@id":"https:\/\/www.rainforestfoundationuk.org\/#\/schema\/logo\/image\/"},"sameAs":["https:\/\/www.facebook.com\/rainforestfoundationuk","https:\/\/x.com\/RFUK","https:\/\/www.instagram.com\/rainforestfoundationuk\/","https:\/\/www.youtube.com\/user\/theRFUK"]},{"@type":"Person","@id":"https:\/\/www.rainforestfoundationuk.org\/#\/schema\/person\/2a7b4f9b1f9353c1d4e006a76a706fcb","name":"tech@raygundesign.co.uk","image":{"@type":"ImageObject","inLanguage":"fr-FR","@id":"https:\/\/secure.gravatar.com\/avatar\/5a766e006cdc391fd343ad637a93c37a8476f58702edf620da5bed651e12c7cb?s=96&d=mm&r=g","url":"https:\/\/secure.gravatar.com\/avatar\/5a766e006cdc391fd343ad637a93c37a8476f58702edf620da5bed651e12c7cb?s=96&d=mm&r=g","contentUrl":"https:\/\/secure.gravatar.com\/avatar\/5a766e006cdc391fd343ad637a93c37a8476f58702edf620da5bed651e12c7cb?s=96&d=mm&r=g","caption":"tech@raygundesign.co.uk"}}]}},"_links":{"self":[{"href":"https:\/\/www.rainforestfoundationuk.org\/fr\/wp-json\/wp\/v2\/posts\/2999","targetHints":{"allow":["GET"]}}],"collection":[{"href":"https:\/\/www.rainforestfoundationuk.org\/fr\/wp-json\/wp\/v2\/posts"}],"about":[{"href":"https:\/\/www.rainforestfoundationuk.org\/fr\/wp-json\/wp\/v2\/types\/post"}],"author":[{"embeddable":true,"href":"https:\/\/www.rainforestfoundationuk.org\/fr\/wp-json\/wp\/v2\/users\/2"}],"replies":[{"embeddable":true,"href":"https:\/\/www.rainforestfoundationuk.org\/fr\/wp-json\/wp\/v2\/comments?post=2999"}],"version-history":[{"count":5,"href":"https:\/\/www.rainforestfoundationuk.org\/fr\/wp-json\/wp\/v2\/posts\/2999\/revisions"}],"predecessor-version":[{"id":3010,"href":"https:\/\/www.rainforestfoundationuk.org\/fr\/wp-json\/wp\/v2\/posts\/2999\/revisions\/3010"}],"wp:featuredmedia":[{"embeddable":true,"href":"https:\/\/www.rainforestfoundationuk.org\/fr\/wp-json\/wp\/v2\/media\/3000"}],"wp:attachment":[{"href":"https:\/\/www.rainforestfoundationuk.org\/fr\/wp-json\/wp\/v2\/media?parent=2999"}],"wp:term":[{"taxonomy":"category","embeddable":true,"href":"https:\/\/www.rainforestfoundationuk.org\/fr\/wp-json\/wp\/v2\/categories?post=2999"},{"taxonomy":"countires","embeddable":true,"href":"https:\/\/www.rainforestfoundationuk.org\/fr\/wp-json\/wp\/v2\/countires?post=2999"},{"taxonomy":"work_theme","embeddable":true,"href":"https:\/\/www.rainforestfoundationuk.org\/fr\/wp-json\/wp\/v2\/work_theme?post=2999"},{"taxonomy":"language","embeddable":true,"href":"https:\/\/www.rainforestfoundationuk.org\/fr\/wp-json\/wp\/v2\/language?post=2999"},{"taxonomy":"partner","embeddable":true,"href":"https:\/\/www.rainforestfoundationuk.org\/fr\/wp-json\/wp\/v2\/partner?post=2999"}],"curies":[{"name":"wp","href":"https:\/\/api.w.org\/{rel}","templated":true}]}}